{"id":3655,"date":"2023-12-22T22:15:16","date_gmt":"2023-12-22T22:15:16","guid":{"rendered":"http:\/\/saecklistrecker.de\/?p=3655"},"modified":"2024-02-18T14:21:07","modified_gmt":"2024-02-18T14:21:07","slug":"slider-test4-2-2-2-2-2-2-2-2-2","status":"publish","type":"post","link":"http:\/\/saecklistrecker.de\/?p=3655","title":{"rendered":"40 Jahre S\u00e4cklistrecker &#8211; S\u00e4ckliFeschd 13.01.2024"},"content":{"rendered":"<div class=\"brick\" data-b-title=\"LAR-R17 B Artikel Text (Abs. 1)\" data-layout-desktop=\"w12-c1-txt-if12-ia8-\" data-layout-tablet=\"w12-c1-txt-if12-ia12-\" data-layout-mobile=\"w12-c1-txt-if12-ia12-\" data-brickid=\"2ff0c31e-34c6-431b-a75e-240b360de901\" data-depth=\"3\">\n<div class=\"article-text\">\n<div class=\"item\">\n<div class=\"content\">\n<div class=\"xdj266r x11i5rnm xat24cr x1mh8g0r x1vvkbs x126k92a\">\n<div dir=\"auto\">\n<div class=\"xdj266r x11i5rnm xat24cr x1mh8g0r x1vvkbs\">\n<div class=\"xdj266r x11i5rnm xat24cr x1mh8g0r x1vvkbs\">Schmei\u00dft den Christbaum raus und holt die Fasentklamotten zum S\u00e4cklifeschd aus dem Schrank &#8211; Ein triftiger Grund um nach den Feiertagen so richtig abzurei\u00dfen:<br \/><strong>!!!Die S\u00e4cklistrecker werden 40!!!<\/strong><\/div>\n<div>\u00a0<\/div>\n<div class=\"x11i5rnm xat24cr x1mh8g0r x1vvkbs xtlvy1s\">F\u00fcr unsere Nachmittagsveranstaltung ab 16 Uhr mit Open Air B\u00fchne gilt freier Eintritt f\u00fcr jung und alt. F\u00fcr die Verpflegung auf dem Festplatz sorgen unsere helfenden Vereine &#8211; Kulinarik-Genuss-Pur. Ab 16:30 heizen euch die ersten Guggen auf dem Platz ein.<\/div>\n<div>\u00a0<\/div>\n<div class=\"x11i5rnm xat24cr x1mh8g0r x1vvkbs xtlvy1s\">F\u00fcr alle Feierlustigen und Nachtschw\u00e4rmer ist der Eintritt zur Halle ab 19 Uhr ge\u00f6ffnet. Hier soll die Show um 20:00 Uhr losgehen.<\/div>\n<div class=\"x11i5rnm xat24cr x1mh8g0r x1vvkbs xtlvy1s\">Zwischen den Hallen-Programmpunkten gibt es eins von unserem Hallen &#8211; DJ auf die Ohren, parallel schmettert unser zweiter DJ im Partyzelt die aktuellen Stimmungsmacher<\/div>\n<div>\u00a0<\/div>\n<div class=\"x11i5rnm xat24cr x1mh8g0r x1vvkbs xtlvy1s\">Mit folgenden 6 Guggenmusiken und 2 Tanzgruppen wird gerockt<br \/><strong>GM Klang-Chaode Gottenheim<\/strong><br \/><strong>GM Krottenbach Kaos Vogtsburg<\/strong><br \/><strong>GM Pfl\u00fcme-Qu\u00e4tscher Wagenstadt<\/strong><br \/><strong>GM Richebacher Schutterschlurbi<\/strong><br \/><strong>GM Tsch\u00e4dd\u00e4r\u00e4 L\u00f6rrach<\/strong><br \/><strong>GM Zichf\u00e4tzer Endingen<\/strong><\/div>\n<div class=\"x11i5rnm xat24cr x1mh8g0r x1vvkbs xtlvy1s\"><strong>Showtanzgruppe \u201eJAEM\u201c Zynduss Bleichheim<\/strong><br \/><strong>Showtanzgruppe \u201eSTEP UP\u201c D\u00f6rlinbach<\/strong><\/div>\n<div>\u00a0<\/div>\n<div class=\"x11i5rnm xat24cr x1mh8g0r x1vvkbs xtlvy1s\">neben unseren Programmpunkten freuen wir uns riesig auf zahlreiche Gastz\u00fcnfte:<\/div>\n<div class=\"x11i5rnm xat24cr x1mh8g0r x1vvkbs xtlvy1s\">Ankele Hexen Schweighausen<br \/>Eulenzunft Seelbach<br \/>Feuerhexen Heiligenzell<br \/>Galgenberghexen Lahr<br \/>Geisenmeckerer Schweighausen<br \/>Grusiloch-Zottli+Narro+Gruppe Lahr<br \/>Huebacher Hexe-Wiibli Oberharmersbach<br \/>NZ Kirnbach<br \/>Luciushexen Wittelbach<br \/>Lurewiebli Schuttertal<br \/>Moorloch-Hexe Lahr<br \/>NZ M\u00fchlenbach<br \/>Gelrueweritter M\u00fcnchweier<br \/>Schluchwaldhexen + Bremmen D\u00f6rlinbach<br \/>Schnaighexen Wittelbach<br \/>Wurzelgeister Freiamt<br \/>Zynduss Bleichheim<\/div>\n<div>\u00a0<\/div>\n<div>Abendkasse wie immer f\u00fcr alle Anderen m\u00f6glich.<\/div>\n<div class=\"x11i5rnm xat24cr x1mh8g0r x1vvkbs xtlvy1s\">Abendprogramm S\u00e4ckliBall Eintritt <strong>5 Euro<\/strong> &#8211; Ausweiskontrolle<\/div>\n<\/div>\n<div>\u00a0<\/div>\n<div class=\"xdj266r x11i5rnm xat24cr x1mh8g0r x1vvkbs\">\n<div class=\"x11i5rnm xat24cr x1mh8g0r x1vvkbs xtlvy1s\">Gebt Gas, bevor voll ist!<br \/>Hoch de Kolbe, eure S\u00e4cklistrecker<\/div>\n<\/div>\n<\/div>\n<div>\n<div class=\"xdj266r x11i5rnm xat24cr x1mh8g0r x1vvkbs x126k92a\">\n<div dir=\"auto\">\u00a0<\/div>\n<div dir=\"auto\">\n<div class=\"xdj266r x11i5rnm xat24cr x1mh8g0r x1vvkbs x126k92a\">\n<div dir=\"auto\">Schon jetzt tausend Dank f\u00fcr alle helfenden H\u00e4nde die unser S\u00e4ckliFeschd unterst\u00fctzen.<\/div>\n<\/div>\n<div class=\"x11i5rnm xat24cr x1mh8g0r x1vvkbs xtlvy1s x126k92a\">\n<div dir=\"auto\">Jetzt hilft nur noch eins &#8211; Wettergott am Nachmittag- sei ein S\u00e4cklistrecker\u00a0<\/div>\n<\/div>\n<\/div>\n<\/div>\n<\/div>\n<div dir=\"auto\"><img loading=\"lazy\" decoding=\"async\" class=\"alignnone  wp-image-3656\" src=\"http:\/\/saecklistrecker.de\/wp-content\/uploads\/2023\/12\/2024-Flyer-final-web.jpg\" alt=\"\" width=\"430\" height=\"606\" srcset=\"http:\/\/saecklistrecker.de\/wp-content\/uploads\/2023\/12\/2024-Flyer-final-web.jpg 2000w, http:\/\/saecklistrecker.de\/wp-content\/uploads\/2023\/12\/2024-Flyer-final-web-213x300.jpg 213w, http:\/\/saecklistrecker.de\/wp-content\/uploads\/2023\/12\/2024-Flyer-final-web-768x1082.jpg 768w, http:\/\/saecklistrecker.de\/wp-content\/uploads\/2023\/12\/2024-Flyer-final-web-727x1024.jpg 727w, http:\/\/saecklistrecker.de\/wp-content\/uploads\/2023\/12\/2024-Flyer-final-web-104x146.jpg 104w, http:\/\/saecklistrecker.de\/wp-content\/uploads\/2023\/12\/2024-Flyer-final-web-35x50.jpg 35w, http:\/\/saecklistrecker.de\/wp-content\/uploads\/2023\/12\/2024-Flyer-final-web-53x75.jpg 53w\" sizes=\"(max-width: 430px) 100vw, 430px\" \/><img loading=\"lazy\" decoding=\"async\" class=\"alignnone  wp-image-3657\" src=\"http:\/\/saecklistrecker.de\/wp-content\/uploads\/2023\/12\/2024-Unterst\u00fctzer-final-web.jpg\" alt=\"\" width=\"431\" height=\"607\" srcset=\"http:\/\/saecklistrecker.de\/wp-content\/uploads\/2023\/12\/2024-Unterst\u00fctzer-final-web.jpg 2000w, http:\/\/saecklistrecker.de\/wp-content\/uploads\/2023\/12\/2024-Unterst\u00fctzer-final-web-213x300.jpg 213w, http:\/\/saecklistrecker.de\/wp-content\/uploads\/2023\/12\/2024-Unterst\u00fctzer-final-web-768x1082.jpg 768w, http:\/\/saecklistrecker.de\/wp-content\/uploads\/2023\/12\/2024-Unterst\u00fctzer-final-web-727x1024.jpg 727w, http:\/\/saecklistrecker.de\/wp-content\/uploads\/2023\/12\/2024-Unterst\u00fctzer-final-web-104x146.jpg 104w, http:\/\/saecklistrecker.de\/wp-content\/uploads\/2023\/12\/2024-Unterst\u00fctzer-final-web-35x50.jpg 35w, http:\/\/saecklistrecker.de\/wp-content\/uploads\/2023\/12\/2024-Unterst\u00fctzer-final-web-53x75.jpg 53w\" sizes=\"(max-width: 431px) 100vw, 431px\" \/><\/div>\n<\/div>\n<\/div>\n<\/div>\n<\/div>\n<\/div>\n\n\n<p><\/p>\n","protected":false},"excerpt":{"rendered":"<p>Schmei\u00dft den Christbaum raus und holt die Fasentklamotten zum S\u00e4cklifeschd aus dem Schrank &#8211; Ein triftiger Grund um nach den Feiertagen so richtig abzurei\u00dfen:!!!Die S\u00e4cklistrecker werden 40!!! \u00a0 F\u00fcr unsere Nachmittagsveranstaltung ab 16 Uhr mit Open Air B\u00fchne gilt freier Eintritt f\u00fcr jung und alt. F\u00fcr die Verpflegung auf dem<span class=\"excerpt-hellip\"> [\u2026]<\/span><\/p>\n","protected":false},"author":1,"featured_media":3656,"comment_status":"closed","ping_status":"closed","sticky":false,"template":"","format":"image","meta":{"footnotes":""},"categories":[1],"tags":[],"_links":{"self":[{"href":"http:\/\/saecklistrecker.de\/index.php?rest_route=\/wp\/v2\/posts\/3655"}],"collection":[{"href":"http:\/\/saecklistrecker.de\/index.php?rest_route=\/wp\/v2\/posts"}],"about":[{"href":"http:\/\/saecklistrecker.de\/index.php?rest_route=\/wp\/v2\/types\/post"}],"author":[{"embeddable":true,"href":"http:\/\/saecklistrecker.de\/index.php?rest_route=\/wp\/v2\/users\/1"}],"replies":[{"embeddable":true,"href":"http:\/\/saecklistrecker.de\/index.php?rest_route=%2Fwp%2Fv2%2Fcomments&post=3655"}],"version-history":[{"count":10,"href":"http:\/\/saecklistrecker.de\/index.php?rest_route=\/wp\/v2\/posts\/3655\/revisions"}],"predecessor-version":[{"id":3668,"href":"http:\/\/saecklistrecker.de\/index.php?rest_route=\/wp\/v2\/posts\/3655\/revisions\/3668"}],"wp:featuredmedia":[{"embeddable":true,"href":"http:\/\/saecklistrecker.de\/index.php?rest_route=\/wp\/v2\/media\/3656"}],"wp:attachment":[{"href":"http:\/\/saecklistrecker.de\/index.php?rest_route=%2Fwp%2Fv2%2Fmedia&parent=3655"}],"wp:term":[{"taxonomy":"category","embeddable":true,"href":"http:\/\/saecklistrecker.de\/index.php?rest_route=%2Fwp%2Fv2%2Fcategories&post=3655"},{"taxonomy":"post_tag","embeddable":true,"href":"http:\/\/saecklistrecker.de\/index.php?rest_route=%2Fwp%2Fv2%2Ftags&post=3655"}],"curies":[{"name":"wp","href":"https:\/\/api.w.org\/{rel}","templated":true}]}}